{"id":52885,"date":"2021-02-19T00:12:06","date_gmt":"2021-02-19T00:12:06","guid":{"rendered":"https:\/\/united4cameroon.org\/?p=52885"},"modified":"2021-02-19T01:41:59","modified_gmt":"2021-02-19T01:41:59","slug":"2021-02-16-crise-au-noso","status":"publish","type":"post","link":"https:\/\/united4cameroon.org\/en\/2021-02-16-crise-au-noso\/","title":{"rendered":"Sur les derniers d\u00e9veloppements de la crise Anglophone au Nord-Ouest et Sud-Ouest"},"content":{"rendered":"<div data-elementor-type=\"wp-post\" data-elementor-id=\"52885\" class=\"elementor elementor-52885\" data-elementor-settings=\"{&quot;ha_cmc_init_switcher&quot;:&quot;no&quot;}\">\n\t\t\t\t\t\t<section class=\"elementor-section elementor-top-section elementor-element elementor-element-6ac3ad9 elementor-section-boxed elementor-section-height-default elementor-section-height-default\" data-id=\"6ac3ad9\" data-element_type=\"section\" data-e-type=\"section\" data-settings=\"{&quot;_ha_eqh_enable&quot;:false}\">\n\t\t\t\t\t\t<div class=\"elementor-container elementor-column-gap-default\">\n\t\t\t\t\t<div class=\"elementor-column elementor-col-100 elementor-top-column elementor-element elementor-element-6ba79b9 column-style-top column-top\" data-id=\"6ba79b9\" data-element_type=\"column\" data-e-type=\"column\">\n\t\t\t<div class=\"elementor-widget-wrap elementor-element-populated\">\n\t\t\t\t\t\t<div class=\"elementor-element elementor-element-37c7686 elementor-widget elementor-widget-text-editor\" data-id=\"37c7686\" data-element_type=\"widget\" data-e-type=\"widget\" data-widget_type=\"text-editor.default\">\n\t\t\t\t<div class=\"elementor-widget-container\">\n\t\t\t\t\t\t\t\t\t<p><span style=\"font-weight: 400;\">Voici bient\u00f4t cinq ann\u00e9es que le c\u0153ur des patriotes camerounais et de leurs amis \u00e0 travers le monde saigne, d\u2019assister impuissants \u00e0 cette macabre situation o\u00f9 nos compatriotes Anglophones et nos soldats \u00e9galement camerounais eux-aussi, s\u2019entretuent et se massacrent dans une guerre inutile au Nord-Ouest et Sud-Ouest (NOSO).<\/span><\/p><p><span style=\"font-weight: 400;\">Malgr\u00e9 les multiples cris de c\u0153urs et appels des simples citoyens, des organisations de la soci\u00e9t\u00e9 civile, des diff\u00e9rentes confessions religieuses, des parties politiques, des pays amis et des organisations internationales \u00e0 des n\u00e9gociations sans exclusive autour d\u2019une table pour trouver une solution politique consensuelle aux probl\u00e8mes politiques racines \u00e0 l\u2019origine de cette crise, le r\u00e9gime de monsieur Paul Barth\u00e9lemy Biya Bi Mvondo refuse toujours d\u2019entendre raison.<\/span><\/p><p><span style=\"font-weight: 400;\">Combien de Camerounais doivent-ils encore se faire massacrer avant que ce r\u00e9gime satrapique reptilien et n\u00e9ocolonial en place \u00e0 Yaound\u00e9 mette fin \u00e0 ce qu\u2019il convient aujourd\u2019hui d\u2019appeler sur la base des faits, sa guerre g\u00e9nocidaire contre les Camerounais au NOSO ?<\/span><\/p><p><span style=\"font-weight: 400;\">Comme par le pass\u00e9, <\/span><b>United4Cameroon<\/b><span style=\"font-weight: 400;\"> (United for Cameroon) condamne avec la derni\u00e8re \u00e9nergie les r\u00e9centes actes de cruaut\u00e9 perp\u00e9tr\u00e9s contre la population civile au NOSO, entre autres : torture barbare du jeune homme <\/span><b>Jean Fai Fungong<\/b><span style=\"font-weight: 400;\"> dans la localit\u00e9 de Ndu, ex\u00e9cution publique des trois chefs traditionnels \u00e0 la place du march\u00e9 devant la population dans le <\/span><b>Lebialem<\/b><span style=\"font-weight: 400;\">, et la mort d\u2019un b\u00e9b\u00e9 calcin\u00e9 dans un incendie volontairement orchestr\u00e9 \u00e0 <\/span><b>Batibo<\/b><span style=\"font-weight: 400;\">.<\/span><\/p><p><span style=\"font-weight: 400;\">Ces m\u00e9faits crapuleux viennent allonger la liste des autres cruaut\u00e9s du g\u00e9nocide de Camerounais dans le NOSO, dont entre autres les massacres de <\/span><b>Ngarbuh<\/b><span style=\"font-weight: 400;\">, de <\/span><b>Kumba<\/b><span style=\"font-weight: 400;\">, de <\/span><b>Florence Ayafor<\/b><span style=\"font-weight: 400;\">, et des <\/span><b>centaines de villages Anglophones br\u00fbl\u00e9s et ras\u00e9s<\/b><span style=\"font-weight: 400;\"> par les forces de s\u00e9curit\u00e9.<\/span><\/p><p><span style=\"font-weight: 400;\">Tous ces massacres ont visiblement eu pour seuls effets de radicaliser davantage les protagonistes de ce conflit. Si la violence pouvait r\u00e9soudre cette crise Anglophone dont la source est une probl\u00e9matique \u00e9minemment politique, \u00e7a se serait su au cours des quatre derni\u00e8res ann\u00e9es.<\/span><\/p><p><span style=\"font-weight: 400;\">De plus, les multiples roublardises et les \u00ab solutions \u00bb cosm\u00e9tiques de fa\u00e7ade unilat\u00e9ralement d\u00e9cr\u00e9t\u00e9es par le r\u00e9gime n\u00e9ocolonial de Paul Biya sont des farces de nul effet qui sont rest\u00e9es lettres mortes quant \u00e0 l&rsquo;issue rapide de ce conflit. Les Camerounais de tous bords demandent la fin de ces pratiques roublardes et moyen\u00e2geuses du r\u00e9gime, datant de la p\u00e9riode coloniale fran\u00e7aise.<\/span><\/p><p><span style=\"font-weight: 400;\">Aussi, <\/span><b>United4Cameroon<\/b><span style=\"font-weight: 400;\"> persiste \u00e0 demander l\u2019organisation sans d\u00e9lai d\u2019une n\u00e9gociation inclusive de toutes les parties prenantes de cette crise Anglophone au NOSO afin de trouver une fin d\u00e9finitive au probl\u00e8me Anglophone. Ce processus de n\u00e9gociation sans exclusive devra inclure entre autres, tous les leaders Anglophones de la Diaspora et du territoire national et singuli\u00e8rement ceux pr\u00e9sentement embastill\u00e9s au Cameroun.<\/span><\/p><p><span style=\"font-weight: 400;\">Le processus de cette n\u00e9gociation r\u00e9clam\u00e9e devra \u00eatre convenu de fa\u00e7on consensuelle par toutes les parties en conflit, et le r\u00e9sultat des n\u00e9gociations devra \u00e9galement contenir une feuille de route des \u00e9ch\u00e9anciers et des \u00e9tapes v\u00e9rifiables le long de l\u2019impl\u00e9mentation des r\u00e9solutions convenues \u00e0 la table de n\u00e9gociation.<\/span><\/p><p><span style=\"font-weight: 400;\">Que Dieu b\u00e9nisse le Cameroun<\/span><\/p><p><i><span style=\"font-weight: 400;\">L&rsquo;\u00e9quipe United4Cameroon<br \/><\/span><\/i><i><span style=\"font-weight: 400;\">16 f\u00e9vrier 2021<\/span><\/i><\/p>\t\t\t\t\t\t\t\t<\/div>\n\t\t\t\t<\/div>\n\t\t\t\t\t<\/div>\n\t\t<\/div>\n\t\t\t\t\t<\/div>\n\t\t<\/section>\n\t\t\t\t<\/div>","protected":false},"excerpt":{"rendered":"<p>Voici bient\u00f4t cinq ann\u00e9es que le c\u0153ur des patriotes camerounais et de leurs amis \u00e0 travers le monde saigne, d\u2019assister impuissants \u00e0 cette macabre situation o\u00f9 nos compatriotes Anglophones et nos soldats \u00e9galement camerounais eux-aussi, s\u2019entretuent et se massacrent dans une guerre inutile au Nord-Ouest et Sud-Ouest (NOSO). Malgr\u00e9 les multiples cris de c\u0153urs et [&hellip;]<\/p>\n","protected":false},"author":3,"featured_media":53181,"comment_status":"open","ping_status":"open","sticky":false,"template":"","format":"standard","meta":{"give_campaign_id":0,"footnotes":""},"categories":[84],"tags":[80,82,81],"class_list":["post-52885","post","type-post","status-publish","format-standard","has-post-thumbnail","hentry","category-communique","tag-democratie","tag-justice","tag-liberte"],"_links":{"self":[{"href":"https:\/\/united4cameroon.org\/en\/wp-json\/wp\/v2\/posts\/52885","targetHints":{"allow":["GET"]}}],"collection":[{"href":"https:\/\/united4cameroon.org\/en\/wp-json\/wp\/v2\/posts"}],"about":[{"href":"https:\/\/united4cameroon.org\/en\/wp-json\/wp\/v2\/types\/post"}],"author":[{"embeddable":true,"href":"https:\/\/united4cameroon.org\/en\/wp-json\/wp\/v2\/users\/3"}],"replies":[{"embeddable":true,"href":"https:\/\/united4cameroon.org\/en\/wp-json\/wp\/v2\/comments?post=52885"}],"version-history":[{"count":5,"href":"https:\/\/united4cameroon.org\/en\/wp-json\/wp\/v2\/posts\/52885\/revisions"}],"predecessor-version":[{"id":52955,"href":"https:\/\/united4cameroon.org\/en\/wp-json\/wp\/v2\/posts\/52885\/revisions\/52955"}],"wp:featuredmedia":[{"embeddable":true,"href":"https:\/\/united4cameroon.org\/en\/wp-json\/wp\/v2\/media\/53181"}],"wp:attachment":[{"href":"https:\/\/united4cameroon.org\/en\/wp-json\/wp\/v2\/media?parent=52885"}],"wp:term":[{"taxonomy":"category","embeddable":true,"href":"https:\/\/united4cameroon.org\/en\/wp-json\/wp\/v2\/categories?post=52885"},{"taxonomy":"post_tag","embeddable":true,"href":"https:\/\/united4cameroon.org\/en\/wp-json\/wp\/v2\/tags?post=52885"}],"curies":[{"name":"wp","href":"https:\/\/api.w.org\/{rel}","templated":true}]}}